{"id":252,"date":"2020-11-23T18:32:24","date_gmt":"2020-11-23T17:32:24","guid":{"rendered":"https:\/\/ballonprojekt.weg-schwabach.de\/?p=252"},"modified":"2020-11-25T16:39:04","modified_gmt":"2020-11-25T15:39:04","slug":"der-flug-aus-sicht-des-ballons","status":"publish","type":"post","link":"https:\/\/ballonprojekt.weg-schwabach.de\/index.php\/2020\/11\/23\/der-flug-aus-sicht-des-ballons\/","title":{"rendered":"Der Flug aus Sicht des Ballons"},"content":{"rendered":"\n<figure class=\"wp-block-image size-large\"><img loading=\"lazy\" width=\"800\" height=\"445\" src=\"https:\/\/ballonprojekt.weg-schwabach.de\/wp-content\/uploads\/2020\/11\/image.jpeg\" alt=\"\" class=\"wp-image-258\" srcset=\"https:\/\/ballonprojekt.weg-schwabach.de\/wp-content\/uploads\/2020\/11\/image.jpeg 800w, https:\/\/ballonprojekt.weg-schwabach.de\/wp-content\/uploads\/2020\/11\/image-300x167.jpeg 300w, https:\/\/ballonprojekt.weg-schwabach.de\/wp-content\/uploads\/2020\/11\/image-768x427.jpeg 768w\" sizes=\"(max-width: 800px) 100vw, 800px\" \/><\/figure>\n\n\n\n<p>Die Daten wurden ausgewertet und nun ist endlich das lang ersehnte Video da:<\/p>\n\n\n\n<figure class=\"wp-block-embed-youtube wp-block-embed is-type-video is-provider-youtube wp-embed-aspect-16-9 wp-has-aspect-ratio\"><div class=\"wp-block-embed__wrapper\">\n<iframe title=\"P-Seminar Stratosph\u00e4renballon am WEG - Die Highlights des Fluges\" width=\"500\" height=\"281\" src=\"https:\/\/www.youtube.com\/embed\/M55QI1KfinE?feature=oembed\" frameborder=\"0\" allow=\"accelerometer; autoplay; clipboard-write; encrypted-media; gyroscope; picture-in-picture\" allowfullscreen><\/iframe>\n<\/div><\/figure>\n\n\n\n<p>Wer den Flug auch noch in 3D erleben m\u00f6chte, der kann mal hier vorbeischauen:<\/p>\n\n\n\n<p><span style=\"color:#6fb2cf\" class=\"has-inline-color\"><a href=\"https:\/\/ayvri.com\/scene\/yj8g31n0kg\/ckgv87u9h00013t5zvj1k9o8a\" target=\"_blank\" rel=\"noreferrer noopener\">https:\/\/ayvri.com\/scene\/yj8g31n0kg\/ckgv87u9h00013t5zvj1k9o8a<\/a><\/span><\/p>\n\n\n\n<p>Hier noch ein paar genauere Infos zum Flug: <\/p>\n\n\n\n<p>Aus den gesammelten Daten ergab sich ein Graph, wie man ihn sonst nur aus dem Mathebuch kennt: Der Graph zeigt die zur\u00fcckgelegte H\u00f6he im Verlauf der Zeit. Daran l\u00e4sst sich ablesen, dass der Ballon zuerst linear, mit gleichm\u00e4\u00dfiger Geschwindigkeit aufgestiegen ist und nach dem Platzen in einer H\u00f6he von ca. 37 km exponentiell an H\u00f6he verloren hat.<\/p>\n\n\n\n<figure class=\"wp-block-image size-large is-resized is-style-default\"><img loading=\"lazy\" src=\"https:\/\/ballonprojekt.weg-schwabach.de\/wp-content\/uploads\/2020\/11\/Zeit-Ho\u0308he-2.jpg\" alt=\"\" class=\"wp-image-255\" width=\"682\" height=\"389\" srcset=\"https:\/\/ballonprojekt.weg-schwabach.de\/wp-content\/uploads\/2020\/11\/Zeit-Ho\u0308he-2.jpg 833w, https:\/\/ballonprojekt.weg-schwabach.de\/wp-content\/uploads\/2020\/11\/Zeit-Ho\u0308he-2-300x171.jpg 300w, https:\/\/ballonprojekt.weg-schwabach.de\/wp-content\/uploads\/2020\/11\/Zeit-Ho\u0308he-2-768x439.jpg 768w\" sizes=\"(max-width: 682px) 100vw, 682px\" \/><\/figure>\n\n\n\n<p class=\"has-text-align-right\"><em>von Julia F. und Annika<\/em><\/p>\n","protected":false},"excerpt":{"rendered":"<p>Die Daten wurden ausgewertet und nun ist endlich das lang ersehnte Video da: Wer den Flug auch noch in 3D erleben m\u00f6chte, der kann mal hier vorbeischauen: https:\/\/ayvri.com\/scene\/yj8g31n0kg\/ckgv87u9h00013t5zvj1k9o8a Hier noch ein paar genauere Infos zum Flug: Aus den gesammelten Daten ergab sich ein Graph, wie man ihn sonst nur aus dem Mathebuch kennt: Der Graph&#8230;<\/p>\n","protected":false},"author":8,"featured_media":0,"comment_status":"open","ping_status":"open","sticky":false,"template":"","format":"standard","meta":[],"categories":[1],"tags":[],"_links":{"self":[{"href":"https:\/\/ballonprojekt.weg-schwabach.de\/index.php\/wp-json\/wp\/v2\/posts\/252"}],"collection":[{"href":"https:\/\/ballonprojekt.weg-schwabach.de\/index.php\/wp-json\/wp\/v2\/posts"}],"about":[{"href":"https:\/\/ballonprojekt.weg-schwabach.de\/index.php\/wp-json\/wp\/v2\/types\/post"}],"author":[{"embeddable":true,"href":"https:\/\/ballonprojekt.weg-schwabach.de\/index.php\/wp-json\/wp\/v2\/users\/8"}],"replies":[{"embeddable":true,"href":"https:\/\/ballonprojekt.weg-schwabach.de\/index.php\/wp-json\/wp\/v2\/comments?post=252"}],"version-history":[{"count":6,"href":"https:\/\/ballonprojekt.weg-schwabach.de\/index.php\/wp-json\/wp\/v2\/posts\/252\/revisions"}],"predecessor-version":[{"id":263,"href":"https:\/\/ballonprojekt.weg-schwabach.de\/index.php\/wp-json\/wp\/v2\/posts\/252\/revisions\/263"}],"wp:attachment":[{"href":"https:\/\/ballonprojekt.weg-schwabach.de\/index.php\/wp-json\/wp\/v2\/media?parent=252"}],"wp:term":[{"taxonomy":"category","embeddable":true,"href":"https:\/\/ballonprojekt.weg-schwabach.de\/index.php\/wp-json\/wp\/v2\/categories?post=252"},{"taxonomy":"post_tag","embeddable":true,"href":"https:\/\/ballonprojekt.weg-schwabach.de\/index.php\/wp-json\/wp\/v2\/tags?post=252"}],"curies":[{"name":"wp","href":"https:\/\/api.w.org\/{rel}","templated":true}]}}